{"id":224,"date":"2010-10-15T09:49:19","date_gmt":"2010-10-15T07:49:19","guid":{"rendered":"http:\/\/blog.wa-gen.de\/?p=224"},"modified":"2010-11-10T14:30:10","modified_gmt":"2010-11-10T13:30:10","slug":"artikel-die-hannoversch-mundener-forstpionierinnen-aktuell-erschienen-im-archiv-fur-forstwesen-und-landschaftsokologie","status":"publish","type":"post","link":"http:\/\/blog.wa-gen.de\/?p=224","title":{"rendered":"Artikel: &#8222;Die Hannoversch-M\u00fcndener Forstpionierinnen&#8220; aktuell erschienen im Archiv f\u00fcr Forstwesen und Landschafts\u00f6kologie"},"content":{"rendered":"<p>Der Artikel &#8222;Die Hannoversch-M\u00fcndener Forstpionierinnen&#8220; ist in der aktuellen Ausgabe des Archivs f\u00fcr Forstwesen und Landschafts\u00f6kologie erschienen. (Heft 44\/ 2010\/ S.116-122\/ <a href=\"http:\/\/www.forstpraxis.de\/afl-aktuelle-heft\">http:\/\/www.forstpraxis.de\/afl-aktuelle-heft<\/a>)<\/p>\n<p>Die Freiburger Forstwissenschaftlerinnen Astrid K\u00fchnel, Maria Hehn und Eva-Maria Schlecht zeichnen hierin die Geschichte der ersten Forststudentinnen an der &#8222;K\u00f6niglichen Forstakademie zu M\u00fcnden&#8220; von 1939 bis 1945 nach.<\/p>\n<p>Zusammenfassung:<\/p>\n<p><i>Im Herbst 1939 trugen sich erstmals zwei Frauen als Studentinnen der Forstwissenschaft in das &#8222;Album der K\u00f6niglichen Forstakademie zu M\u00fcnden&#8220; ein. Weitere folg\u00adten, so dass bis 1945 in Hannoversch-M\u00fcnden mehr als 30 Frau\u00aden immatrikuliert waren. Zwischen 1945 und dem Be\u00adginn der 1970er Jahre fin\u00adden sich dagegen Hinweise auf nur 16 weitere Forststudentinnen. Berufsbiografische Inter\u00adviews mit sieben dieser ersten Forststudentinnen, erg\u00e4nzt durch die Aus\u00adwertung von Archivmaterial, geben Aufschluss \u00fcber diese erste Forstfrauen-Generation: Demnach entstammten die hannoversch-m\u00fcndener Forstpio\u00adnierinnen weit \u00fcberwiegend dem l\u00e4nd\u00adli\u00adchen Bil\u00addungs\u00adb\u00fcr\u00adgertum preu\u00dfischer Forstfamilien oder dem kleinst\u00e4dtischen Han\u00adno\u00adversch-M\u00fcndens. Weiterhin scheint f\u00fcr die Studienentscheidung dieser Frauen weniger das Fach \u201eForstwis\u00adsenschaft\u201c als vielmehr der in Kriegszeiten relativ sichere Ort Hanno\u00adversch-M\u00fcn\u00adden ausschlaggebend gewesen zu sein. Deutlich wird weiterhin, dass die Forst\u00adpio\u00adnier\u00adin\u00adnen die Forstfakult\u00e4t Hannoversch-M\u00fcnden in den Jahren des kriegsbedingten M\u00e4nner\u00adman\u00adgels vor der Schlie\u00dfung bewahrten: Ihre Anwesenheit recht\u00ad\u00adfertigte die Aufrechterhaltung des Lehrbetriebes und sie sicherten als frisch diplomierte wissenschaftliche Mitarbeiterinnen den Fortgang der Forschung. Mit Kriegsende und der R\u00fcckkehr der M\u00e4nner verschwanden die meisten dieser Forstfrauen jedoch ebenso rasch und ger\u00e4usch\u00adlos wie selbstverst\u00e4ndlich wie\u00adder: Denn an eine dauerhafte forstliche Berufs\u00ad\u00adt\u00e4tig\u00adkeit, etwa als Beamtin oder gar als Leiterin eines Forstamtes, hatte keine von ihnen auch nur im Traum jemals gedacht.<\/i><\/p>\n","protected":false},"excerpt":{"rendered":"<p>Der Artikel &#8222;Die Hannoversch-M\u00fcndener Forstpionierinnen&#8220; ist in der aktuellen Ausgabe des Archivs f\u00fcr Forstwesen und Landschafts\u00f6kologie erschienen. (Heft 44\/ 2010\/ S.116-122\/ http:\/\/www.forstpraxis.de\/afl-aktuelle-heft) Die Freiburger Forstwissenschaftlerinnen Astrid K\u00fchnel, Maria Hehn und Eva-Maria Schlecht zeichnen hierin die Geschichte der ersten Forststudentinnen an &hellip; <a href=\"http:\/\/blog.wa-gen.de\/?p=224\">Weiterlesen <span class=\"meta-nav\">&rarr;<\/span><\/a><\/p>\n","protected":false},"author":3,"featured_media":0,"comment_status":"open","ping_status":"open","sticky":false,"template":"","format":"standard","meta":[],"categories":[37,4],"tags":[6,54,71,73,72,63,67,65,17],"_links":{"self":[{"href":"http:\/\/blog.wa-gen.de\/index.php?rest_route=\/wp\/v2\/posts\/224"}],"collection":[{"href":"http:\/\/blog.wa-gen.de\/index.php?rest_route=\/wp\/v2\/posts"}],"about":[{"href":"http:\/\/blog.wa-gen.de\/index.php?rest_route=\/wp\/v2\/types\/post"}],"author":[{"embeddable":true,"href":"http:\/\/blog.wa-gen.de\/index.php?rest_route=\/wp\/v2\/users\/3"}],"replies":[{"embeddable":true,"href":"http:\/\/blog.wa-gen.de\/index.php?rest_route=%2Fwp%2Fv2%2Fcomments&post=224"}],"version-history":[{"count":4,"href":"http:\/\/blog.wa-gen.de\/index.php?rest_route=\/wp\/v2\/posts\/224\/revisions"}],"predecessor-version":[{"id":246,"href":"http:\/\/blog.wa-gen.de\/index.php?rest_route=\/wp\/v2\/posts\/224\/revisions\/246"}],"wp:attachment":[{"href":"http:\/\/blog.wa-gen.de\/index.php?rest_route=%2Fwp%2Fv2%2Fmedia&parent=224"}],"wp:term":[{"taxonomy":"category","embeddable":true,"href":"http:\/\/blog.wa-gen.de\/index.php?rest_route=%2Fwp%2Fv2%2Fcategories&post=224"},{"taxonomy":"post_tag","embeddable":true,"href":"http:\/\/blog.wa-gen.de\/index.php?rest_route=%2Fwp%2Fv2%2Ftags&post=224"}],"curies":[{"name":"wp","href":"https:\/\/api.w.org\/{rel}","templated":true}]}}